{"id":862,"date":"2024-04-28T19:41:38","date_gmt":"2024-04-28T17:41:38","guid":{"rendered":"https:\/\/associationterredargence.fr\/?p=862"},"modified":"2024-04-28T19:46:47","modified_gmt":"2024-04-28T17:46:47","slug":"stop-tht-le-2_-avril-jean-luc-moya","status":"publish","type":"post","link":"https:\/\/associationterredargence.fr\/?p=862","title":{"rendered":"Stop THT le 28 Avril (Jean Luc Moya)"},"content":{"rendered":"\n<p>Ce matin, je voudrai m\u2019adresser au Pr\u00e9fet Mirmand, au Ministre de la Transition Ecologique, au Premier Ministre et au Pr\u00e9sident Macron. Messieurs, je crois que nous nous connaissons assez mal. Je voudrai donc vous faire une petite confidence et vous dire vraiment qui je suis.<\/p>\n\n\n\n<p>Je suis le cheval Camargue, robuste et fougueux, sous le regard mena\u00e7ant du taureau qui pointe le diamant noir de sa corne.<br>Je suis le mouton de Crau, le M\u00e9rinos, pas celui de Panurge, non.<br>Je suis l\u2019aigle de Bonnelli survolant les Alpilles. Je suis le flamant aux ailes pourpres et d\u2019Argence. Je suis le coussoul, le poudingue, la prairie et les marais. Je suis la Mer et le sable dor\u00e9. Je suis le foin de Crau, le riz, le sel, les huiles et olives de la Vall\u00e9e des Baux, l\u2019agneau de Sisteron, les vins des Costi\u00e8res, les fruits et l\u00e9gumes de nos maraichers et de nos vergers.<\/p>\n\n\n\n<p>Je suis le Rh\u00f4ne et son chaland, le buste de C\u00e9sar, le th\u00e9\u00e2tre antique et les ar\u00e8nes, l\u2019abbaye de Montmajour, le ch\u00e2teau de Tarascon et celui de Beaucaire.<\/p>\n\n\n\n<p>Je suis tout cela et bien plus encore. Je suis un territoire b\u00e9ni des dieux, le triangle d\u2019or de la biodiversit\u00e9 reconnu comme tel dans le monde entier.<\/p>\n\n\n\n<p>Cette fiert\u00e9, je la dois \u00e0 mes anc\u00eatres : le Marquis Folco de Baroncelli, Fr\u00e9deric Mistral, Joseph d\u2019Arbaud, Alphonse Daudet, Th\u00e9odore Aubanel et le F\u00e9librige. Je suis les tableaux de Van Gogh, de L\u00e9o L\u00e9l\u00e9e et ceux de Picasso.<\/p>\n\n\n\n<p>Ma beaut\u00e9, je la dois aussi \u00e0 toutes celles et ceux qui ont su la pr\u00e9server. Tous les habitants de la Camargue, de la Crau, des Alpilles et de la Terre d\u2019Argence, qui font du respect de l\u2019environnement leur combat pour la modernit\u00e9. Je suis vous, ici et maintenant et je serai la nourrice et le parrain de vos enfants.<\/p>\n\n\n\n<p>Je suis la terre que vous ch\u00e9rissez, l\u2019eau que vous buvez, le soleil qui vous donne le sang chaud. Je suis nature, culture et agriculture.<\/p>\n\n\n\n<p>Depuis vos grands bureaux parisiens, vous voulez dresser une ligne \u00e0 400.000 volts. Moi je leur souhaite, tous les jours, 400.000 oiseaux, 400.000 agriculteurs, 400.000 enfants innocents qui courent dans les champs. Vous envisagez de produire de l\u2019\u00e9lectricit\u00e9 en alternatif. Je leur souhaite de l\u2019amour, du travail et du partage en continu. Vous voulez leur vendre votre hydrog\u00e8ne. Je leur offre gratuitement l\u2019oxyg\u00e8ne dont ils ont besoin pour vivre et respirer.<\/p>\n\n\n\n<p>Vous n\u2019avez donc rien compris. Votre ignorance est la forme ultime du m\u00e9pris. Vous ne savez donc pas qui je suis. Mais, m\u00e9fiez vous de moi, de ma l\u00e9gendaire douceur et de mon calme apparent.<\/p>\n\n\n\n<p>Je suis aussi les orages c\u00e9venols, le fleuve qui d\u00e9borde, la mer qui monte et les incendies. Je suis le Mistral qui arrache tout sur son passage. Des rafales violentes qui mettront \u00e0 terre \u00e0 jamais tous les pyl\u00f4nes de la col\u00e8re.<\/p>\n\n\n\n<p>Et par-dessus tout, oui, par-dessus tout, je suis la solidarit\u00e9 entre les populations. Pas une simple \u00e9motion dict\u00e9e par l\u2019urgence de la situation. Je suis la solidarit\u00e9 comme une v\u00e9ritable strat\u00e9gie r\u00e9volutionnaire.<\/p>\n\n\n\n<p>Oui, je suis leur territoire de pr\u00e9dilection, une terre pour des femmes et des hommes d\u2019exception. Oui, je suis un des plus beaux endroits du monde. Et, mes amis, je compte bien sur vous pour le rester, encore tr\u00e8s longtemps.<\/p>\n","protected":false},"excerpt":{"rendered":"<p>Ce matin, je voudrai m\u2019adresser au Pr\u00e9fet Mirmand, au Ministre de la Transition Ecologique, au Premier Ministre et au Pr\u00e9sident Macron. Messieurs, je crois que nous nous connaissons assez mal. Je voudrai donc vous faire une petite confidence et vous dire vraiment qui je suis. Je suis le cheval Camargue, robuste et fougueux, sous le &#8230; <a title=\"Stop THT le 28 Avril (Jean Luc Moya)\" class=\"read-more\" href=\"https:\/\/associationterredargence.fr\/?p=862\" aria-label=\"En savoir plus sur Stop THT le 28 Avril (Jean Luc Moya)\">Lire la suite<\/a><\/p>\n","protected":false},"author":1,"featured_media":0,"comment_status":"closed","ping_status":"open","sticky":false,"template":"","format":"standard","meta":{"footnotes":""},"categories":[23],"tags":[],"class_list":["post-862","post","type-post","status-publish","format-standard","hentry","category-publications"],"_links":{"self":[{"href":"https:\/\/associationterredargence.fr\/index.php?rest_route=\/wp\/v2\/posts\/862","targetHints":{"allow":["GET"]}}],"collection":[{"href":"https:\/\/associationterredargence.fr\/index.php?rest_route=\/wp\/v2\/posts"}],"about":[{"href":"https:\/\/associationterredargence.fr\/index.php?rest_route=\/wp\/v2\/types\/post"}],"author":[{"embeddable":true,"href":"https:\/\/associationterredargence.fr\/index.php?rest_route=\/wp\/v2\/users\/1"}],"replies":[{"embeddable":true,"href":"https:\/\/associationterredargence.fr\/index.php?rest_route=%2Fwp%2Fv2%2Fcomments&post=862"}],"version-history":[{"count":2,"href":"https:\/\/associationterredargence.fr\/index.php?rest_route=\/wp\/v2\/posts\/862\/revisions"}],"predecessor-version":[{"id":864,"href":"https:\/\/associationterredargence.fr\/index.php?rest_route=\/wp\/v2\/posts\/862\/revisions\/864"}],"wp:attachment":[{"href":"https:\/\/associationterredargence.fr\/index.php?rest_route=%2Fwp%2Fv2%2Fmedia&parent=862"}],"wp:term":[{"taxonomy":"category","embeddable":true,"href":"https:\/\/associationterredargence.fr\/index.php?rest_route=%2Fwp%2Fv2%2Fcategories&post=862"},{"taxonomy":"post_tag","embeddable":true,"href":"https:\/\/associationterredargence.fr\/index.php?rest_route=%2Fwp%2Fv2%2Ftags&post=862"}],"curies":[{"name":"wp","href":"https:\/\/api.w.org\/{rel}","templated":true}]}}