{"id":735,"date":"2024-04-13T11:44:28","date_gmt":"2024-04-13T09:44:28","guid":{"rendered":"https:\/\/associationterredargence.fr\/?p=735"},"modified":"2024-04-13T11:54:07","modified_gmt":"2024-04-13T09:54:07","slug":"lettre-au-president","status":"publish","type":"post","link":"https:\/\/associationterredargence.fr\/?p=735","title":{"rendered":"Lettre au pr\u00e9sident"},"content":{"rendered":"\n<p>Le Pr\u00e9sident de la R\u00e9publique a l\u2019obligation de prendre note de son courrier, qu\u2019il soit \u00e9lectronique ou en version papier ! Plus nous serons nombreux \u00e0 \u00e9crire plus nous serons visibles ! <\/p>\n\n\n\n<p>L\u00e0, vous pourrez  <a href=\"https:\/\/www.elysee.fr\/ecrire-au-president-de-la-republique\/?fbclid=IwAR0Kbm3ilp964wCUgD0e3key7V8LETD-ecfvALc_vODVk_D4FeC5-qb5KCA_aem_AWfvGwWENhIIaI40MQJGXWi0cBVb8drWLj7FwzN-b8rhtftezYrCCIQcSgSamnOuh556kt5qYxZU7msYfRF0XJIN#epr-form\" target=\"_blank\" rel=\"noreferrer noopener\">\u00e9crire et envoyer  votre message<\/a> au Pr\u00e9sident de la r\u00e9publique<\/p>\n\n\n\n<hr class=\"wp-block-separator has-alpha-channel-opacity\"\/>\n\n\n\n<h3 class=\"wp-block-heading\"><strong>Ci-dessous une lettre mod\u00e8le !!!<\/strong><\/h3>\n\n\n\n<p class=\"has-accent-color has-text-color has-link-color wp-elements-7a2f8f4c9677324397ef357927cb5dd7\">Pr\u00e9nom NOM, citoyen Beaucairois\/ Bellegardais\/etc\u2026<\/p>\n\n\n\n<p class=\"has-accent-color has-text-color has-link-color wp-elements-f51ce370b7ebe9d06b9a6b062148b9bb\">Adresse&#8230;<\/p>\n\n\n\n<p class=\"has-accent-color has-text-color has-link-color wp-elements-c1c9c1ee999aae1686b966dc045b25a6\"> le xx Avril 2024<\/p>\n\n\n\n<p>A l\u2019attention de Monsieur le pr\u00e9sident de la R\u00e9publique, Palais de l&rsquo;\u00c9lys\u00e9e, 55 rue du Faubourg-Saint-Honor\u00e9, 75008 Paris.<\/p>\n\n\n\n<p><br>Monsieur le pr\u00e9sident de la R\u00e9publique, <\/p>\n\n\n\n<p>Mon courrier concerne le projet de ligne a\u00e9rienne THT 400 000 volts pr\u00e9vue entre Jonqui\u00e8res St Vincent et Fos sur Mer port\u00e9 par RTE sous l\u2019\u00e9gide du Pr\u00e9fet des Bouches du Rhone. <\/p>\n\n\n\n<p>La concertation pr\u00e9alable en application de l\u2019article 27 de la loi n\u00b02023-175 du 10 mars 2023 relative \u00e0 l\u2019acc\u00e9l\u00e9ration de la production d\u2019\u00e9nergies renouvelables vient de prendre fin le 07 avril 2024 et je suis atterr\u00e9 de la fa\u00e7on dont elle a \u00e9t\u00e9 men\u00e9e bafouant le droit \u00e0 l\u2019information et \u00e0 la participation du public.<\/p>\n\n\n\n<p>En effet, je n\u2019ai jamais \u00e9t\u00e9 inform\u00e9 par la RTE, par aucun moyen (affichage, flyer, sms) du d\u00e9but de cette concertation. C\u2019est gr\u00e2ce aux associations de riverains, qui se sont form\u00e9es au fur et \u00e0 mesure de l\u2019avancement du projet, que j\u2019ai pu avoir acc\u00e8s au dossier de concertation, aux informations, aux trac\u00e9s propos\u00e9s, aux moyens pour pouvoir donner mon avis.<\/p>\n\n\n\n<p>J\u2019ai \u00e9galement compris par la lecture des textes de loi, que la concertation pr\u00e9alable devait permettre de d\u00e9battre de l&rsquo;opportunit\u00e9, des objectifs et des caract\u00e9ristiques principales de ce projet, des enjeux sociaux, \u00e9conomiques et \u00e9nerg\u00e9tiques qui s&rsquo;y attachent ainsi que de leurs impacts significatifs sur l&rsquo;environnement, et ce d\u2019autant plus, que ce projet impacte de nombreux enjeux vitaux pour nos territoires de la <strong>Terre d&rsquo;Argence, du pays d&rsquo;Arles, de la Camargue, des Alpilles et de la Crau<\/strong> et qu&rsquo;il est d\u00e9pendant du processus national d&rsquo;\u00e9volution des moyens de production et de transport de l&rsquo;\u00e9lectricit\u00e9.<\/p>\n\n\n\n<p>Cependant, cela n\u2019a pas \u00e9t\u00e9 le cas, \u00e0 chaque question ou inqui\u00e9tude concernant ces sujets il nous a \u00e9t\u00e9 r\u00e9pondu qu\u2019il s\u2019agissait de l\u2019int\u00e9r\u00eat g\u00e9n\u00e9ral et que plus tard, une fois le trac\u00e9 choisi, RTE ferait les \u00e9tudes n\u00e9cesssaires. <\/p>\n\n\n\n<p>Comment sans \u00e9l\u00e9ments scientifiques factuels, une \u00e9tude d\u2019impact environnemental, sanitaire, \u00e9conomique etc, pouvions nous  nous positionner sur le caract\u00e8re de moindre impact d\u2019un trac\u00e9 ? <\/p>\n\n\n\n<p>D\u2019autant plus, que les cartes \u00e9taient incompl\u00e8tes, des enjeux humains oubli\u00e9s. Comment aurions pu nous positionner sans \u00e9l\u00e9ments ? <\/p>\n\n\n\n<p>Cette concertation devait \u00e9galement permettre de d\u00e9battre de solutions alternatives au projet. Nous n\u2019avons pu malheureusement en d\u00e9battre \u00e0 aucun des rendez-vous propos\u00e9s par la RTE. RTE a syst\u00e9matiquement verrouill\u00e9 le sujet en nous indiquant que tout ce que nous pouvions \u00e9voquer n\u2019\u00e9tait pas \u00ab en accord \u00bb avec le besoin, sans pr\u00e9cisions, sans explication \u00e9tay\u00e9e. <\/p>\n\n\n\n<p>Nous avons aussi d\u00e9couvert qu\u2019aucun de nos \u00e9lus n\u2019avait valid\u00e9 la zone d\u2019\u00e9tude propos\u00e9e par RTE, d\u2019ailleurs ils se sont oppos\u00e9s tous \u00e0 l\u2019unanimit\u00e9 \u00e0 ce projet de ligne a\u00e9rienne THT en l\u2019\u00e9tat.<\/p>\n\n\n\n<p>Monsieur le Pr\u00e9sident, nous savons que notre territoire vous est cher. Comme vous l\u2019avez si bien dit lors du lancement de l\u2019Office fran\u00e7ais de la biodiversit\u00e9 le 13 f\u00e9vrier 2020 \u00e0 Chamonix \u00ab le combat pour la biodiversit\u00e9 est central et il est indissociable de la lutte contre le r\u00e9chauffement et le d\u00e9r\u00e8glement climatique car tout se tient\u00a0\u00bb. C&rsquo;est pour cel\u00e0 que je rajouterai qu&rsquo;un projet de  d\u00e9carbonation, m\u00eame si il est incontournable, ne peut s\u2019envisager sans peser sinc\u00e8rement et en d\u00e9tail sa pertinence au regard  la destruction de territoires, de la biodiversit\u00e9,  d&rsquo;espaces naturels prot\u00e9g\u00e9s, de l&rsquo;agriculture,  de la sant\u00e9 publique, de son patrimoine culturel et d&rsquo;une \u00e9conomie touristique et culturelle unique. <\/p>\n\n\n\n<p>Il y a d\u2019autres solutions. Une r\u00e9elle concertation, sous l&rsquo;\u00e9gide de la CNDP, doit \u00eatre ouverte avant toute prise de d\u00e9cision sur telle ou telle technologie, tel ou tel trac\u00e9.<\/p>\n\n\n\n<p>Continuer d&rsquo;essayer de passer en force comme c&rsquo;est le cas actuellement ne conduirait qu&rsquo;au bloquage du projet par les citoyens bafou\u00e9s dans leur droits et provoquerait certainement d&rsquo;importants retards dans la r\u00e9alisatrion d&rsquo;un projet en soi louable: La d\u00e9carbonation de la zone industrialo Portuaire de Fos sur Mer.<\/p>\n\n\n\n<p>Merci de votre aide, pour arr\u00eater ce projet \u00e9cocide et faire r\u00e9ouvrir la concertation sous l&rsquo;\u00e9gide de la CNDP. <\/p>\n\n\n\n<p>Je vous prie de bien vouloir agr\u00e9er, Monsieur le Pr\u00e9sident, l\u2019expression de ma haute consid\u00e9ration.<\/p>\n","protected":false},"excerpt":{"rendered":"<p>Le Pr\u00e9sident de la R\u00e9publique a l\u2019obligation de prendre note de son courrier, qu\u2019il soit \u00e9lectronique ou en version papier ! Plus nous serons nombreux \u00e0 \u00e9crire plus nous serons visibles ! L\u00e0, vous pourrez \u00e9crire et envoyer votre message au Pr\u00e9sident de la r\u00e9publique Ci-dessous une lettre mod\u00e8le !!! Pr\u00e9nom NOM, citoyen Beaucairois\/ Bellegardais\/etc\u2026 &#8230; <a title=\"Lettre au pr\u00e9sident\" class=\"read-more\" href=\"https:\/\/associationterredargence.fr\/?p=735\" aria-label=\"En savoir plus sur Lettre au pr\u00e9sident\">Lire la suite<\/a><\/p>\n","protected":false},"author":1,"featured_media":0,"comment_status":"closed","ping_status":"closed","sticky":false,"template":"","format":"standard","meta":{"footnotes":""},"categories":[26],"tags":[],"class_list":["post-735","post","type-post","status-publish","format-standard","hentry","category-action"],"_links":{"self":[{"href":"https:\/\/associationterredargence.fr\/index.php?rest_route=\/wp\/v2\/posts\/735","targetHints":{"allow":["GET"]}}],"collection":[{"href":"https:\/\/associationterredargence.fr\/index.php?rest_route=\/wp\/v2\/posts"}],"about":[{"href":"https:\/\/associationterredargence.fr\/index.php?rest_route=\/wp\/v2\/types\/post"}],"author":[{"embeddable":true,"href":"https:\/\/associationterredargence.fr\/index.php?rest_route=\/wp\/v2\/users\/1"}],"replies":[{"embeddable":true,"href":"https:\/\/associationterredargence.fr\/index.php?rest_route=%2Fwp%2Fv2%2Fcomments&post=735"}],"version-history":[{"count":3,"href":"https:\/\/associationterredargence.fr\/index.php?rest_route=\/wp\/v2\/posts\/735\/revisions"}],"predecessor-version":[{"id":739,"href":"https:\/\/associationterredargence.fr\/index.php?rest_route=\/wp\/v2\/posts\/735\/revisions\/739"}],"wp:attachment":[{"href":"https:\/\/associationterredargence.fr\/index.php?rest_route=%2Fwp%2Fv2%2Fmedia&parent=735"}],"wp:term":[{"taxonomy":"category","embeddable":true,"href":"https:\/\/associationterredargence.fr\/index.php?rest_route=%2Fwp%2Fv2%2Fcategories&post=735"},{"taxonomy":"post_tag","embeddable":true,"href":"https:\/\/associationterredargence.fr\/index.php?rest_route=%2Fwp%2Fv2%2Ftags&post=735"}],"curies":[{"name":"wp","href":"https:\/\/api.w.org\/{rel}","templated":true}]}}