{"id":656,"date":"2024-04-08T11:04:51","date_gmt":"2024-04-08T09:04:51","guid":{"rendered":"https:\/\/associationterredargence.fr\/?p=656"},"modified":"2024-05-27T21:19:20","modified_gmt":"2024-05-27T19:19:20","slug":"la-marche-du-4-avril","status":"publish","type":"post","link":"https:\/\/associationterredargence.fr\/?p=656","title":{"rendered":"La marche du 4 avril"},"content":{"rendered":"\n<p>La marche initi\u00e9e par les agriculteurs du Gard et des Bouches du Rhone a fait parler d&rsquo;elle &#8230; C&rsquo;\u00e9tait le but recherch\u00e9&#8230; ;-))<\/p>\n\n\n\n<figure class=\"wp-block-image size-large is-resized\"><img loading=\"lazy\" decoding=\"async\" width=\"1024\" height=\"577\" src=\"https:\/\/associationterredargence.fr\/wp-content\/uploads\/2024\/04\/THT-NO-Arles-avril-2024-8454-1024x577.jpg\" alt=\"\" class=\"wp-image-657\" style=\"width:981px;height:auto\" srcset=\"https:\/\/associationterredargence.fr\/wp-content\/uploads\/2024\/04\/THT-NO-Arles-avril-2024-8454-1024x577.jpg 1024w, https:\/\/associationterredargence.fr\/wp-content\/uploads\/2024\/04\/THT-NO-Arles-avril-2024-8454-300x169.jpg 300w, https:\/\/associationterredargence.fr\/wp-content\/uploads\/2024\/04\/THT-NO-Arles-avril-2024-8454-768x433.jpg 768w, https:\/\/associationterredargence.fr\/wp-content\/uploads\/2024\/04\/THT-NO-Arles-avril-2024-8454-1536x866.jpg 1536w, https:\/\/associationterredargence.fr\/wp-content\/uploads\/2024\/04\/THT-NO-Arles-avril-2024-8454-2048x1154.jpg 2048w, https:\/\/associationterredargence.fr\/wp-content\/uploads\/2024\/04\/THT-NO-Arles-avril-2024-8454-1320x744.jpg 1320w\" sizes=\"auto, (max-width: 1024px) 100vw, 1024px\" \/><\/figure>\n\n\n\n<hr class=\"wp-block-separator has-alpha-channel-opacity\"\/>\n\n\n\n<p><em><a href=\"https:\/\/www.lefigaro.fr\/conjoncture\/decarboner-oui-saccager-non-500-manifestants-contre-un-projet-de-ligne-a-tres-haute-tension-a-arles-20240407\" data-type=\"page\" data-id=\"88\" target=\"_blank\" rel=\"noreferrer noopener\">Le Figaro:<\/a><\/em>\u00abD\u00e9carboner oui, saccager non\u00bb\u00a0: 500 manifestants contre un projet de ligne \u00e0 tr\u00e8s haute tension \u00e0 Arles&#8230;..<\/p>\n\n\n\n<p><a href=\"https:\/\/www.laprovence.com\/article\/region\/5248498261673215\/a-arles-la-mobilisation-contre-la-ligne-a-haute-tension-sintensifie?fbclid=IwAR0ihUUZHZ0Ws2vG6FEG7hKc0EE242fW0zJCSrMv9L-lBBx2MjqSOcfWQ3I_aem_AYiMu8PxszrFrf5YkRdBlDQpRxLBrOpIVD2bR9L6OKaiM5kz0w5m_SaxxKtDlebYAYXxGpgzehSYCwqZbU6cN4RO\" target=\"_blank\" rel=\"noreferrer noopener\">La Provence<\/a>: A Arles, la mobilisation contre la ligne \u00e0 haute tension s&rsquo;intensifie&#8230;..<\/p>\n\n\n\n<p><a href=\"https:\/\/www.latribune.fr\/climat\/energie-environnement\/decarbonation-de-fos-sur-mer-environ-500-manifestants-a-arles-contre-le-projet-d-une-nouvelle-autoroute-electrique-994848.html?fbclid=IwAR3NNpf6kjSsLBmYDr9OzHpw81AQN_H9teTL67UksNwuYu-Q3QfafzqxTTQ_aem_AYjxIs8G2ftYILzZu3e1tB7gahw1Vuz4y8MAbDf30wzpgXbT6WD5OuKdkYFc9mO6DPWdv7xgPQQWSv8H9OVzM_CU\">La Tribune<\/a>: D\u00e9carbonation de Fos-sur-Mer&nbsp;: environ 500 manifestants \u00e0 Arles contre le projet d&rsquo;une nouvelle autoroute \u00e9lectrique&#8230;<\/p>\n\n\n\n<p><a href=\"https:\/\/france3-regions.francetvinfo.fr\/provence-alpes-cote-d-azur\/bouches-du-rhone\/arles\/pres-de-400-personnes-a-arles-pour-manifester-contre-le-projet-de-ligne-aerienne-a-tres-haute-tension-2951537.html?fbclid=IwAR3seF7ZpKm6gOehvFh4IeRi9Us3NwuQskJGA4Wety45xyHvmsW5JbmAUsI_aem_AYhBJnUX5Pj1FrMYVykybxHO9XVUl-9JcRFG0x8vZHNJ7G3xVV_EhaT1JXM2DEM8by0_sYwo_n0j8YvaBdlkpC51\" target=\"_blank\" rel=\"noreferrer noopener\">France 3 R\u00e9gions<\/a>: \u00ab\u00a0D\u00e9carboner oui, saccager non\u00a0\u00bb, 500 personnes \u00e0 Arles pour manifester contre le projet de ligne a\u00e9rienne \u00e0 tr\u00e8s haute tension&#8230;.<\/p>\n\n\n\n<p><a href=\"https:\/\/maritima.fr\/actualites\/environnement\/arles\/902\/500-manifestants-a-arles-contre-un-projet-de-ligne-a-tres-haute-tension\" target=\"_blank\" rel=\"noreferrer noopener\">Maritima<\/a>: 500 manifestants \u00e0 Arles contre un projet de ligne \u00e0 tr\u00e8s haute tension&#8230;<\/p>\n\n\n\n<p><a href=\"https:\/\/www.linfodurable.fr\/environ-500-manifestants-arles-contre-un-projet-de-ligne-tres-haute-tension-44739?fbclid=IwAR2f5p9H5f5WljhVgB0QpRrNrQiQqtFgwdjgROp7xvWlIF0fqBJGIiJwqJA_aem_AYgSPz3KJL0fJoPQ0F1BGvhpwYbBdQdUL5BfR3ljlKHAS_DnNLdrsUepglqa3xSRPsfKJVEyDRe-S35plAGaqU3Q\" target=\"_blank\" rel=\"noreferrer noopener\">L&rsquo;Infodurable<\/a> : Environ 500 personnes ont manifest\u00e9 dimanche \u00e0 Arles (Bouches-du-Rh\u00f4ne) contre un projet de ligne \u00e9lectrique a\u00e9rienne \u00e0 tr\u00e8s haute tension&#8230;<\/p>\n","protected":false},"excerpt":{"rendered":"<p>La marche initi\u00e9e par les agriculteurs du Gard et des Bouches du Rhone a fait parler d&rsquo;elle &#8230; C&rsquo;\u00e9tait le but recherch\u00e9&#8230; ;-)) Le Figaro:\u00abD\u00e9carboner oui, saccager non\u00bb\u00a0: 500 manifestants contre un projet de ligne \u00e0 tr\u00e8s haute tension \u00e0 Arles&#8230;.. La Provence: A Arles, la mobilisation contre la ligne \u00e0 haute tension s&rsquo;intensifie&#8230;.. La &#8230; <a title=\"La marche du 4 avril\" class=\"read-more\" href=\"https:\/\/associationterredargence.fr\/?p=656\" aria-label=\"En savoir plus sur La marche du 4 avril\">Lire la suite<\/a><\/p>\n","protected":false},"author":1,"featured_media":0,"comment_status":"open","ping_status":"open","sticky":false,"template":"","format":"standard","meta":{"footnotes":""},"categories":[24],"tags":[],"class_list":["post-656","post","type-post","status-publish","format-standard","hentry","category-medias"],"_links":{"self":[{"href":"https:\/\/associationterredargence.fr\/index.php?rest_route=\/wp\/v2\/posts\/656","targetHints":{"allow":["GET"]}}],"collection":[{"href":"https:\/\/associationterredargence.fr\/index.php?rest_route=\/wp\/v2\/posts"}],"about":[{"href":"https:\/\/associationterredargence.fr\/index.php?rest_route=\/wp\/v2\/types\/post"}],"author":[{"embeddable":true,"href":"https:\/\/associationterredargence.fr\/index.php?rest_route=\/wp\/v2\/users\/1"}],"replies":[{"embeddable":true,"href":"https:\/\/associationterredargence.fr\/index.php?rest_route=%2Fwp%2Fv2%2Fcomments&post=656"}],"version-history":[{"count":8,"href":"https:\/\/associationterredargence.fr\/index.php?rest_route=\/wp\/v2\/posts\/656\/revisions"}],"predecessor-version":[{"id":1009,"href":"https:\/\/associationterredargence.fr\/index.php?rest_route=\/wp\/v2\/posts\/656\/revisions\/1009"}],"wp:attachment":[{"href":"https:\/\/associationterredargence.fr\/index.php?rest_route=%2Fwp%2Fv2%2Fmedia&parent=656"}],"wp:term":[{"taxonomy":"category","embeddable":true,"href":"https:\/\/associationterredargence.fr\/index.php?rest_route=%2Fwp%2Fv2%2Fcategories&post=656"},{"taxonomy":"post_tag","embeddable":true,"href":"https:\/\/associationterredargence.fr\/index.php?rest_route=%2Fwp%2Fv2%2Ftags&post=656"}],"curies":[{"name":"wp","href":"https:\/\/api.w.org\/{rel}","templated":true}]}}