{"id":1516,"date":"2025-05-04T16:12:37","date_gmt":"2025-05-04T14:12:37","guid":{"rendered":"https:\/\/associationterredargence.fr\/?p=1516"},"modified":"2025-05-18T13:31:11","modified_gmt":"2025-05-18T11:31:11","slug":"reunion-cndp-beaucaire-30-mai","status":"publish","type":"post","link":"https:\/\/associationterredargence.fr\/?p=1516","title":{"rendered":"Reunion CNDP Beaucaire 30 avril"},"content":{"rendered":"\n<p>Pourquoi et comment le Gard et le pays d\u2019Arles sont concern\u00e9s par le d\u00e9bat ? O\u00f9 en est le projet de ligne THT Jonqui\u00e8re Fos ? Quels sont les enjeux et les effets de ce projet sur le territoire ?<\/p>\n\n\n\n<p>L\u2019\u00e9quipe du d\u00e9bat a organis\u00e9 une r\u00e9union publique territoriale sur ces enjeux, ouverte \u00e0 toutes et tous, \u00e0 Beaucaire le 30 avril 2025, \u00e0 18h.<\/p>\n\n\n\n<p>Cette r\u00e9union fut en franc succ\u00e8s en r\u00e9unissant plus de 400 citoyens pr\u00e9ocup\u00e9s par l&rsquo;avenir de leur territoires.<\/p>\n\n\n\n<p>Tout au long de la r\u00e9union, M. Georges-Fran\u00e7ois Leclerc,\u00a0Pr\u00e9fet de la r\u00e9gion Provence-Alpes-C\u00f4te d&rsquo;Azur, et RTE ont d\u00e9fendu la necessit\u00e9 de construire rapidement une ligne THT a\u00e9rienne. <\/p>\n\n\n\n<p>Les industriels de Fos ont rappel\u00e9 qu&rsquo;ils avaient besoin d&rsquo;\u00e9lectricit\u00e9 suppl\u00e9mentaire pour faire \u00e9voluer leurs enteprises.<\/p>\n\n\n\n<p><strong>La majorit\u00e9 des autres intervenants a  rappel\u00e9 qu&rsquo;il approuvaient la d\u00e9carbonation de la zone Fos-Berre mais refusaient que cela se fasse par une ligne THT 400 000 volts trop impactante pour les territoires travers\u00e9s.<\/strong><\/p>\n\n\n\n<p>Mr le Pr\u00e9fet Leclerc devrait, pour \u00e9viter que la situation ne se durcisse, porter une r\u00e9elle attention au m\u00e9contentement des citoyens et sinc\u00e8rement envisager la proposition alternative port\u00e9e par le collectif THT 13-30: L&rsquo;enfouissement de la ligne!<\/p>\n\n\n\n<figure class=\"wp-block-gallery has-nested-images columns-default is-cropped wp-block-gallery-1 is-layout-flex wp-block-gallery-is-layout-flex\">\n<figure class=\"wp-block-image size-large\"><img loading=\"lazy\" decoding=\"async\" width=\"1024\" height=\"683\" data-id=\"1525\" src=\"https:\/\/associationterredargence.fr\/wp-content\/uploads\/2025\/05\/30Avril-Beaucaire-Agirpourlacrau-1-1024x683.jpg\" alt=\"\" class=\"wp-image-1525\" srcset=\"https:\/\/associationterredargence.fr\/wp-content\/uploads\/2025\/05\/30Avril-Beaucaire-Agirpourlacrau-1-1024x683.jpg 1024w, https:\/\/associationterredargence.fr\/wp-content\/uploads\/2025\/05\/30Avril-Beaucaire-Agirpourlacrau-1-300x200.jpg 300w, https:\/\/associationterredargence.fr\/wp-content\/uploads\/2025\/05\/30Avril-Beaucaire-Agirpourlacrau-1-768x512.jpg 768w, https:\/\/associationterredargence.fr\/wp-content\/uploads\/2025\/05\/30Avril-Beaucaire-Agirpourlacrau-1-1536x1024.jpg 1536w, https:\/\/associationterredargence.fr\/wp-content\/uploads\/2025\/05\/30Avril-Beaucaire-Agirpourlacrau-1-1320x880.jpg 1320w, https:\/\/associationterredargence.fr\/wp-content\/uploads\/2025\/05\/30Avril-Beaucaire-Agirpourlacrau-1.jpg 2048w\" sizes=\"auto, (max-width: 1024px) 100vw, 1024px\" \/><\/figure>\n\n\n\n<figure class=\"wp-block-image size-large\"><img loading=\"lazy\" decoding=\"async\" width=\"1024\" height=\"683\" data-id=\"1524\" src=\"https:\/\/associationterredargence.fr\/wp-content\/uploads\/2025\/05\/30Avril-Beaucaire-Agirpourlacrau-2-1024x683.jpg\" alt=\"\" class=\"wp-image-1524\" srcset=\"https:\/\/associationterredargence.fr\/wp-content\/uploads\/2025\/05\/30Avril-Beaucaire-Agirpourlacrau-2-1024x683.jpg 1024w, https:\/\/associationterredargence.fr\/wp-content\/uploads\/2025\/05\/30Avril-Beaucaire-Agirpourlacrau-2-300x200.jpg 300w, https:\/\/associationterredargence.fr\/wp-content\/uploads\/2025\/05\/30Avril-Beaucaire-Agirpourlacrau-2-768x512.jpg 768w, https:\/\/associationterredargence.fr\/wp-content\/uploads\/2025\/05\/30Avril-Beaucaire-Agirpourlacrau-2-1536x1024.jpg 1536w, https:\/\/associationterredargence.fr\/wp-content\/uploads\/2025\/05\/30Avril-Beaucaire-Agirpourlacrau-2-1320x880.jpg 1320w, https:\/\/associationterredargence.fr\/wp-content\/uploads\/2025\/05\/30Avril-Beaucaire-Agirpourlacrau-2.jpg 2048w\" sizes=\"auto, (max-width: 1024px) 100vw, 1024px\" \/><\/figure>\n\n\n\n<figure class=\"wp-block-image size-large\"><img loading=\"lazy\" decoding=\"async\" width=\"1024\" height=\"683\" data-id=\"1523\" src=\"https:\/\/associationterredargence.fr\/wp-content\/uploads\/2025\/05\/30Avril-Beaucaire-Agirpourlacrau-3-1024x683.jpg\" alt=\"\" class=\"wp-image-1523\" srcset=\"https:\/\/associationterredargence.fr\/wp-content\/uploads\/2025\/05\/30Avril-Beaucaire-Agirpourlacrau-3-1024x683.jpg 1024w, https:\/\/associationterredargence.fr\/wp-content\/uploads\/2025\/05\/30Avril-Beaucaire-Agirpourlacrau-3-300x200.jpg 300w, https:\/\/associationterredargence.fr\/wp-content\/uploads\/2025\/05\/30Avril-Beaucaire-Agirpourlacrau-3-768x512.jpg 768w, https:\/\/associationterredargence.fr\/wp-content\/uploads\/2025\/05\/30Avril-Beaucaire-Agirpourlacrau-3-1536x1024.jpg 1536w, https:\/\/associationterredargence.fr\/wp-content\/uploads\/2025\/05\/30Avril-Beaucaire-Agirpourlacrau-3-1320x880.jpg 1320w, https:\/\/associationterredargence.fr\/wp-content\/uploads\/2025\/05\/30Avril-Beaucaire-Agirpourlacrau-3.jpg 2048w\" sizes=\"auto, (max-width: 1024px) 100vw, 1024px\" \/><\/figure>\n\n\n\n<figure class=\"wp-block-image size-large\"><img loading=\"lazy\" decoding=\"async\" width=\"1024\" height=\"683\" data-id=\"1517\" src=\"https:\/\/associationterredargence.fr\/wp-content\/uploads\/2025\/05\/30Avril-Beaucaire-Agirpourlacrau-4-1024x683.jpg\" alt=\"\" class=\"wp-image-1517\" srcset=\"https:\/\/associationterredargence.fr\/wp-content\/uploads\/2025\/05\/30Avril-Beaucaire-Agirpourlacrau-4-1024x683.jpg 1024w, https:\/\/associationterredargence.fr\/wp-content\/uploads\/2025\/05\/30Avril-Beaucaire-Agirpourlacrau-4-300x200.jpg 300w, https:\/\/associationterredargence.fr\/wp-content\/uploads\/2025\/05\/30Avril-Beaucaire-Agirpourlacrau-4-768x512.jpg 768w, https:\/\/associationterredargence.fr\/wp-content\/uploads\/2025\/05\/30Avril-Beaucaire-Agirpourlacrau-4-1536x1024.jpg 1536w, https:\/\/associationterredargence.fr\/wp-content\/uploads\/2025\/05\/30Avril-Beaucaire-Agirpourlacrau-4-1320x880.jpg 1320w, https:\/\/associationterredargence.fr\/wp-content\/uploads\/2025\/05\/30Avril-Beaucaire-Agirpourlacrau-4.jpg 2048w\" sizes=\"auto, (max-width: 1024px) 100vw, 1024px\" \/><\/figure>\n\n\n\n<figure class=\"wp-block-image size-large\"><img loading=\"lazy\" decoding=\"async\" width=\"1024\" height=\"683\" data-id=\"1520\" src=\"https:\/\/associationterredargence.fr\/wp-content\/uploads\/2025\/05\/30Avril-Beaucaire-Agirpourlacrau-5-1024x683.jpg\" alt=\"\" class=\"wp-image-1520\" srcset=\"https:\/\/associationterredargence.fr\/wp-content\/uploads\/2025\/05\/30Avril-Beaucaire-Agirpourlacrau-5-1024x683.jpg 1024w, https:\/\/associationterredargence.fr\/wp-content\/uploads\/2025\/05\/30Avril-Beaucaire-Agirpourlacrau-5-300x200.jpg 300w, https:\/\/associationterredargence.fr\/wp-content\/uploads\/2025\/05\/30Avril-Beaucaire-Agirpourlacrau-5-768x512.jpg 768w, https:\/\/associationterredargence.fr\/wp-content\/uploads\/2025\/05\/30Avril-Beaucaire-Agirpourlacrau-5-1536x1024.jpg 1536w, https:\/\/associationterredargence.fr\/wp-content\/uploads\/2025\/05\/30Avril-Beaucaire-Agirpourlacrau-5-1320x880.jpg 1320w, https:\/\/associationterredargence.fr\/wp-content\/uploads\/2025\/05\/30Avril-Beaucaire-Agirpourlacrau-5.jpg 2048w\" sizes=\"auto, (max-width: 1024px) 100vw, 1024px\" \/><\/figure>\n\n\n\n<figure class=\"wp-block-image size-large\"><img loading=\"lazy\" decoding=\"async\" width=\"1024\" height=\"683\" data-id=\"1526\" src=\"https:\/\/associationterredargence.fr\/wp-content\/uploads\/2025\/05\/30Avril-Beaucaire-Agirpourlacrau-6-1-1024x683.jpg\" alt=\"\" class=\"wp-image-1526\" srcset=\"https:\/\/associationterredargence.fr\/wp-content\/uploads\/2025\/05\/30Avril-Beaucaire-Agirpourlacrau-6-1-1024x683.jpg 1024w, https:\/\/associationterredargence.fr\/wp-content\/uploads\/2025\/05\/30Avril-Beaucaire-Agirpourlacrau-6-1-300x200.jpg 300w, https:\/\/associationterredargence.fr\/wp-content\/uploads\/2025\/05\/30Avril-Beaucaire-Agirpourlacrau-6-1-768x512.jpg 768w, https:\/\/associationterredargence.fr\/wp-content\/uploads\/2025\/05\/30Avril-Beaucaire-Agirpourlacrau-6-1-1536x1024.jpg 1536w, https:\/\/associationterredargence.fr\/wp-content\/uploads\/2025\/05\/30Avril-Beaucaire-Agirpourlacrau-6-1-1320x880.jpg 1320w, https:\/\/associationterredargence.fr\/wp-content\/uploads\/2025\/05\/30Avril-Beaucaire-Agirpourlacrau-6-1.jpg 2048w\" sizes=\"auto, (max-width: 1024px) 100vw, 1024px\" \/><\/figure>\n\n\n\n<figure class=\"wp-block-image size-large\"><img loading=\"lazy\" decoding=\"async\" width=\"1024\" height=\"683\" data-id=\"1527\" src=\"https:\/\/associationterredargence.fr\/wp-content\/uploads\/2025\/05\/30Avril-Beaucaire-Agirpourlacrau-7-1-1024x683.jpg\" alt=\"\" class=\"wp-image-1527\" srcset=\"https:\/\/associationterredargence.fr\/wp-content\/uploads\/2025\/05\/30Avril-Beaucaire-Agirpourlacrau-7-1-1024x683.jpg 1024w, https:\/\/associationterredargence.fr\/wp-content\/uploads\/2025\/05\/30Avril-Beaucaire-Agirpourlacrau-7-1-300x200.jpg 300w, https:\/\/associationterredargence.fr\/wp-content\/uploads\/2025\/05\/30Avril-Beaucaire-Agirpourlacrau-7-1-768x512.jpg 768w, https:\/\/associationterredargence.fr\/wp-content\/uploads\/2025\/05\/30Avril-Beaucaire-Agirpourlacrau-7-1-1536x1024.jpg 1536w, https:\/\/associationterredargence.fr\/wp-content\/uploads\/2025\/05\/30Avril-Beaucaire-Agirpourlacrau-7-1-1320x880.jpg 1320w, https:\/\/associationterredargence.fr\/wp-content\/uploads\/2025\/05\/30Avril-Beaucaire-Agirpourlacrau-7-1.jpg 2048w\" sizes=\"auto, (max-width: 1024px) 100vw, 1024px\" \/><\/figure>\n\n\n\n<figure class=\"wp-block-image size-large\"><img loading=\"lazy\" decoding=\"async\" width=\"1024\" height=\"683\" data-id=\"1521\" src=\"https:\/\/associationterredargence.fr\/wp-content\/uploads\/2025\/05\/30Avril-Beaucaire-Agirpourlacrau-8-1024x683.jpg\" alt=\"\" class=\"wp-image-1521\" srcset=\"https:\/\/associationterredargence.fr\/wp-content\/uploads\/2025\/05\/30Avril-Beaucaire-Agirpourlacrau-8-1024x683.jpg 1024w, https:\/\/associationterredargence.fr\/wp-content\/uploads\/2025\/05\/30Avril-Beaucaire-Agirpourlacrau-8-300x200.jpg 300w, https:\/\/associationterredargence.fr\/wp-content\/uploads\/2025\/05\/30Avril-Beaucaire-Agirpourlacrau-8-768x512.jpg 768w, https:\/\/associationterredargence.fr\/wp-content\/uploads\/2025\/05\/30Avril-Beaucaire-Agirpourlacrau-8-1536x1024.jpg 1536w, https:\/\/associationterredargence.fr\/wp-content\/uploads\/2025\/05\/30Avril-Beaucaire-Agirpourlacrau-8-1320x880.jpg 1320w, https:\/\/associationterredargence.fr\/wp-content\/uploads\/2025\/05\/30Avril-Beaucaire-Agirpourlacrau-8.jpg 2048w\" sizes=\"auto, (max-width: 1024px) 100vw, 1024px\" \/><\/figure>\n\n\n\n<figure class=\"wp-block-image size-large\"><img loading=\"lazy\" decoding=\"async\" width=\"1024\" height=\"683\" data-id=\"1522\" src=\"https:\/\/associationterredargence.fr\/wp-content\/uploads\/2025\/05\/30Avril-Beaucaire-Agirpourlacrau-9-1024x683.jpg\" alt=\"\" class=\"wp-image-1522\" srcset=\"https:\/\/associationterredargence.fr\/wp-content\/uploads\/2025\/05\/30Avril-Beaucaire-Agirpourlacrau-9-1024x683.jpg 1024w, https:\/\/associationterredargence.fr\/wp-content\/uploads\/2025\/05\/30Avril-Beaucaire-Agirpourlacrau-9-300x200.jpg 300w, https:\/\/associationterredargence.fr\/wp-content\/uploads\/2025\/05\/30Avril-Beaucaire-Agirpourlacrau-9-768x512.jpg 768w, https:\/\/associationterredargence.fr\/wp-content\/uploads\/2025\/05\/30Avril-Beaucaire-Agirpourlacrau-9-1536x1024.jpg 1536w, https:\/\/associationterredargence.fr\/wp-content\/uploads\/2025\/05\/30Avril-Beaucaire-Agirpourlacrau-9-1320x880.jpg 1320w, https:\/\/associationterredargence.fr\/wp-content\/uploads\/2025\/05\/30Avril-Beaucaire-Agirpourlacrau-9.jpg 2048w\" sizes=\"auto, (max-width: 1024px) 100vw, 1024px\" \/><\/figure>\n<\/figure>\n\n\n\n<p>Le collectif THT 13-30 est intervenu pour souligner la vision r\u00e9ductrice qu&rsquo;\u00e0 l&rsquo;\u00e9tat sur les enjeux et l&rsquo;int\u00e9ret d&rsquo;inclure les sites gardois d&rsquo;Aramon et Laudun au projet global<\/p>\n\n\n\n<div data-wp-interactive=\"core\/file\" class=\"wp-block-file\"><object data-wp-bind--hidden=\"!state.hasPdfPreview\" hidden class=\"wp-block-file__embed\" data=\"https:\/\/associationterredargence.fr\/wp-content\/uploads\/2025\/05\/CNDP-30-AVRIL-Beaucaire-V3-1.pdf\" type=\"application\/pdf\" style=\"width:100%;height:600px\" aria-label=\"Contenu embarqu\u00e9 CNDP 30 AVRIL Beaucaire V3.\"><\/object><a id=\"wp-block-file--media-2df24a56-c5fa-46c5-91ed-b537e9407e9c\" href=\"https:\/\/associationterredargence.fr\/wp-content\/uploads\/2025\/05\/CNDP-30-AVRIL-Beaucaire-V3-1.pdf\">CNDP 30 AVRIL Beaucaire V3<\/a><a href=\"https:\/\/associationterredargence.fr\/wp-content\/uploads\/2025\/05\/CNDP-30-AVRIL-Beaucaire-V3-1.pdf\" class=\"wp-block-file__button wp-element-button\" download aria-describedby=\"wp-block-file--media-2df24a56-c5fa-46c5-91ed-b537e9407e9c\">T\u00e9l\u00e9charger<\/a><\/div>\n\n\n\n<p><a href=\"https:\/\/associationterredargence.fr\/?p=1534\" target=\"_blank\" rel=\"noreferrer noopener\">Les m\u00e9dias en ont parl\u00e9.<\/a><\/p>\n\n\n\n<p><\/p>\n","protected":false},"excerpt":{"rendered":"<p>Pourquoi et comment le Gard et le pays d\u2019Arles sont concern\u00e9s par le d\u00e9bat ? O\u00f9 en est le projet de ligne THT Jonqui\u00e8re Fos ? Quels sont les enjeux et les effets de ce projet sur le territoire ? L\u2019\u00e9quipe du d\u00e9bat a organis\u00e9 une r\u00e9union publique territoriale sur ces enjeux, ouverte \u00e0 toutes &#8230; <a title=\"Reunion CNDP Beaucaire 30 avril\" class=\"read-more\" href=\"https:\/\/associationterredargence.fr\/?p=1516\" aria-label=\"En savoir plus sur Reunion CNDP Beaucaire 30 avril\">Lire la suite<\/a><\/p>\n","protected":false},"author":1,"featured_media":0,"comment_status":"closed","ping_status":"open","sticky":false,"template":"","format":"standard","meta":{"footnotes":""},"categories":[26],"tags":[],"class_list":["post-1516","post","type-post","status-publish","format-standard","hentry","category-action"],"_links":{"self":[{"href":"https:\/\/associationterredargence.fr\/index.php?rest_route=\/wp\/v2\/posts\/1516","targetHints":{"allow":["GET"]}}],"collection":[{"href":"https:\/\/associationterredargence.fr\/index.php?rest_route=\/wp\/v2\/posts"}],"about":[{"href":"https:\/\/associationterredargence.fr\/index.php?rest_route=\/wp\/v2\/types\/post"}],"author":[{"embeddable":true,"href":"https:\/\/associationterredargence.fr\/index.php?rest_route=\/wp\/v2\/users\/1"}],"replies":[{"embeddable":true,"href":"https:\/\/associationterredargence.fr\/index.php?rest_route=%2Fwp%2Fv2%2Fcomments&post=1516"}],"version-history":[{"count":7,"href":"https:\/\/associationterredargence.fr\/index.php?rest_route=\/wp\/v2\/posts\/1516\/revisions"}],"predecessor-version":[{"id":1556,"href":"https:\/\/associationterredargence.fr\/index.php?rest_route=\/wp\/v2\/posts\/1516\/revisions\/1556"}],"wp:attachment":[{"href":"https:\/\/associationterredargence.fr\/index.php?rest_route=%2Fwp%2Fv2%2Fmedia&parent=1516"}],"wp:term":[{"taxonomy":"category","embeddable":true,"href":"https:\/\/associationterredargence.fr\/index.php?rest_route=%2Fwp%2Fv2%2Fcategories&post=1516"},{"taxonomy":"post_tag","embeddable":true,"href":"https:\/\/associationterredargence.fr\/index.php?rest_route=%2Fwp%2Fv2%2Ftags&post=1516"}],"curies":[{"name":"wp","href":"https:\/\/api.w.org\/{rel}","templated":true}]}}