{"id":1261,"date":"2024-12-14T13:15:01","date_gmt":"2024-12-14T12:15:01","guid":{"rendered":"https:\/\/associationterredargence.fr\/?p=1261"},"modified":"2024-12-14T13:15:03","modified_gmt":"2024-12-14T12:15:03","slug":"reunion-publique-arles-decembre-24","status":"publish","type":"post","link":"https:\/\/associationterredargence.fr\/?p=1261","title":{"rendered":"Reunion publique Arles Decembre 24"},"content":{"rendered":"\n<p>Objectif Gard: <a href=\"https:\/\/www.objectifgard.com\/gard\/arles\/arles-ligne-a-tres-haute-tension-un-scenario-affine-139105.php\" target=\"_blank\" rel=\"noreferrer noopener\">ARLES Ligne \u00e0 tr\u00e8s haute tension : un sc\u00e9nario affin\u00e9<\/a><\/p>\n\n\n\n<p>Le Monde: <a href=\"https:\/\/www.lemonde.fr\/planete\/article\/2024\/12\/10\/en-camargue-le-trace-de-la-ligne-a-tres-haute-tension-vers-fos-sur-mer-unit-contre-lui-elus-agriculteurs-ecologistes-et-acteurs-economiques_6439965_3244.html\" target=\"_blank\" rel=\"noreferrer noopener\">En Camargue, le trac\u00e9 de la ligne \u00e0 tr\u00e8s haute tension vers Fos-sur-Mer unit contre lui \u00e9lus, agriculteurs, \u00e9cologistes et acteurs \u00e9conomiques<\/a><\/p>\n\n\n\n<p>France Inter: <a href=\"https:\/\/www.radiofrance.fr\/franceinter\/podcasts\/planete-verte\/planete-verte-du-vendredi-13-decembre-2024-5835100\" target=\"_blank\" rel=\"noreferrer noopener\">La Camargue sous tr\u00e8s haute tension<\/a><\/p>\n\n\n\n<p>La Provence: <a href=\"https:\/\/www.laprovence.com\/article\/region\/2532752346533915\/les-opposants-arlesiens-a-la-ligne-aerienne-tht-proposent-une-alternative-au-projet-amelioree\" target=\"_blank\" rel=\"noreferrer noopener\">Les opposants arl\u00e9siens \u00e0 la ligne a\u00e9rienne THT proposent une alternative au projet am\u00e9lior\u00e9e<\/a><\/p>\n\n\n\n<p>Le figaro: <a href=\"https:\/\/www.lefigaro.fr\/actualite-france\/une-catastrophe-paysagere-en-camargue-agriculteurs-et-ecologistes-main-dans-la-main-contre-une-ligne-a-tres-haute-tension-20241212\" target=\"_blank\" rel=\"noreferrer noopener\">\u00abUne catastrophe paysag\u00e8re\u00bb: en Camargue, agriculteurs et \u00e9cologistes main dans la main contre une ligne \u00e0 tr\u00e8s haute tension<\/a><\/p>\n\n\n\n<p>France Info: <a href=\"https:\/\/france3-regions.francetvinfo.fr\/provence-alpes-cote-d-azur\/bouches-du-rhone\/arles\/ligne-tres-haute-tension-de-fos-on-veut-etre-ecoutes-le-collectif-stop-tht-passe-a-l-offensive-juridique-3073888.html\" target=\"_blank\" rel=\"noreferrer noopener\">Ligne Tr\u00e8s Haute Tension de Fos : \u00ab\u00a0on veut \u00eatre \u00e9cout\u00e9s\u00a0\u00bb, le collectif \u00ab\u00a0STOP THT\u00a0\u00bb passe \u00e0 l&rsquo;offensive juridique<\/a><\/p>\n\n\n\n<p>Objectif Gard: <a href=\"https:\/\/www.objectifgard.com\/actualites\/terre-dargence-la-ccbta-continue-son-combat-contre-le-projet-de-ligne-a-tres-haute-tension-139046.php\" target=\"_blank\" rel=\"noreferrer noopener\">TERRE D&rsquo;ARGENCE La CCBTA continue son combat contre le projet de Ligne \u00e0 Tr\u00e8s Haute Tension<\/a><\/p>\n\n\n\n<p>France 3 PACA: <a href=\"https:\/\/france3-regions.francetvinfo.fr\/provence-alpes-cote-d-azur\/programmes\/france-3_provence-alpes-cote-d-azur_ici-12-13-provence-alpes?id=6721498\" target=\"_blank\" rel=\"noreferrer noopener\">\u00c9mission du mardi 10 d\u00e9cembre 2024<\/a><\/p>\n\n\n\n<p>Reporterr: <a href=\"https:\/\/reporterre.net\/L-alliance-improbable-de-la-FNSEA-et-des-ecologistes-contre-une-ligne-tres-haute-tension?fbclid=IwY2xjawHGfxNleHRuA2FlbQIxMQABHVqya5iyh2WLq9XmzH9dh4zwppkdhDKrsc5j180vth_bixAfolp5Cpmdaw_aem_pSoFDxw9nwVEnPKVlNuqDA\" target=\"_blank\" rel=\"noreferrer noopener\">L\u2019alliance improbable de la\u00a0FNSEA\u00a0et des \u00e9cologistes contre une ligne tr\u00e8s haute tension<\/a><\/p>\n\n\n\n<p>ICI France bleu France 3: <a href=\"https:\/\/www.francebleu.fr\/emissions\/l-invite-de-7h15-sur-france-bleu-provence\/ligne-a-tres-haute-tension-une-alerte-rouge-est-lancee-en-camargue-detaille-l-opposant-jean-luc-moya-8915646\" target=\"_blank\" rel=\"noreferrer noopener\">Ligne \u00e0 tr\u00e8s haute-tension\u00a0: \u00ab\u00a0Une alerte rouge est lanc\u00e9e en Camargue\u00a0\u00bb d\u00e9taille l&rsquo;opposant Jean Luc Moya<\/a><\/p>\n\n\n\n<p>Mes Infos: <a href=\"https:\/\/mesinfos.fr\/provence-alpes-cote-d-azur\/camargue-alerte-internationale-contre-un-projet-de-ligne-a-tres-haute-tension-212027.html\" target=\"_blank\" rel=\"noreferrer noopener\">Camargue : mobilisation internationale contre le projet de ligne a\u00e9rienne tr\u00e8s haute tension<\/a><\/p>\n","protected":false},"excerpt":{"rendered":"<p>Objectif Gard: ARLES Ligne \u00e0 tr\u00e8s haute tension : un sc\u00e9nario affin\u00e9 Le Monde: En Camargue, le trac\u00e9 de la ligne \u00e0 tr\u00e8s haute tension vers Fos-sur-Mer unit contre lui \u00e9lus, agriculteurs, \u00e9cologistes et acteurs \u00e9conomiques France Inter: La Camargue sous tr\u00e8s haute tension La Provence: Les opposants arl\u00e9siens \u00e0 la ligne a\u00e9rienne THT proposent &#8230; <a title=\"Reunion publique Arles Decembre 24\" class=\"read-more\" href=\"https:\/\/associationterredargence.fr\/?p=1261\" aria-label=\"En savoir plus sur Reunion publique Arles Decembre 24\">Lire la suite<\/a><\/p>\n","protected":false},"author":1,"featured_media":0,"comment_status":"closed","ping_status":"open","sticky":false,"template":"","format":"standard","meta":{"footnotes":""},"categories":[24],"tags":[],"class_list":["post-1261","post","type-post","status-publish","format-standard","hentry","category-medias"],"_links":{"self":[{"href":"https:\/\/associationterredargence.fr\/index.php?rest_route=\/wp\/v2\/posts\/1261","targetHints":{"allow":["GET"]}}],"collection":[{"href":"https:\/\/associationterredargence.fr\/index.php?rest_route=\/wp\/v2\/posts"}],"about":[{"href":"https:\/\/associationterredargence.fr\/index.php?rest_route=\/wp\/v2\/types\/post"}],"author":[{"embeddable":true,"href":"https:\/\/associationterredargence.fr\/index.php?rest_route=\/wp\/v2\/users\/1"}],"replies":[{"embeddable":true,"href":"https:\/\/associationterredargence.fr\/index.php?rest_route=%2Fwp%2Fv2%2Fcomments&post=1261"}],"version-history":[{"count":1,"href":"https:\/\/associationterredargence.fr\/index.php?rest_route=\/wp\/v2\/posts\/1261\/revisions"}],"predecessor-version":[{"id":1262,"href":"https:\/\/associationterredargence.fr\/index.php?rest_route=\/wp\/v2\/posts\/1261\/revisions\/1262"}],"wp:attachment":[{"href":"https:\/\/associationterredargence.fr\/index.php?rest_route=%2Fwp%2Fv2%2Fmedia&parent=1261"}],"wp:term":[{"taxonomy":"category","embeddable":true,"href":"https:\/\/associationterredargence.fr\/index.php?rest_route=%2Fwp%2Fv2%2Fcategories&post=1261"},{"taxonomy":"post_tag","embeddable":true,"href":"https:\/\/associationterredargence.fr\/index.php?rest_route=%2Fwp%2Fv2%2Ftags&post=1261"}],"curies":[{"name":"wp","href":"https:\/\/api.w.org\/{rel}","templated":true}]}}