{"id":1157,"date":"2024-09-29T15:05:57","date_gmt":"2024-09-29T13:05:57","guid":{"rendered":"https:\/\/associationterredargence.fr\/?p=1157"},"modified":"2024-10-13T17:18:26","modified_gmt":"2024-10-13T15:18:26","slug":"prefecture-paca-le-27-septembreannonce-du-fuseau-de-moindre-impact","status":"publish","type":"post","link":"https:\/\/associationterredargence.fr\/?p=1157","title":{"rendered":"Pr\u00e9fecture PACA le 27 septembre:Annonce du fuseau de moindre impact"},"content":{"rendered":"\n<p>La presse, invit\u00e9e par le collectif STOP THT 13-30, relate largement les \u00e9v\u00e8nements de la journ\u00e9e <a href=\"https:\/\/associationterredargence.fr\/wp-content\/uploads\/2024\/09\/Dossier-de-presse-v4-28.09.24.pdf\" target=\"_blank\" rel=\"noreferrer noopener\">(Dossier de presse du Collectif<\/a>)<\/p>\n\n\n\n<p>Direct France 3 : <\/p>\n\n\n\n<figure class=\"wp-block-video\"><video height=\"848\" style=\"aspect-ratio: 480 \/ 848;\" width=\"480\" controls src=\"https:\/\/associationterredargence.fr\/wp-content\/uploads\/2024\/09\/Direct-France-3-marseille-27-sept.mp4\"><\/video><\/figure>\n\n\n\n<p>L&rsquo;Arlesienne: <a href=\"https:\/\/larlesienne.info\/2024\/10\/10\/parc-de-camargue-bras-de-fer-a-propos-de-la-ligne-tres-haute-tension\/\" target=\"_blank\" rel=\"noreferrer noopener\">Parc de Camargue : bras de fer \u00e0 propos de la ligne tr\u00e8s haute tension<\/a><\/p>\n\n\n\n<p>France Bleue: Ligne tr\u00e8s haute tension : <a href=\"https:\/\/www.francebleu.fr\/infos\/environnement\/ligne-tres-haute-tension-un-fuseau-est-desormais-choisi-pour-le-projet-controverse-entre-jonquieres-et-fos-sur-mer-9971773\" target=\"_blank\" rel=\"noreferrer noopener\">Un \u00ab\u00a0fuseau\u00a0\u00bb est d\u00e9sormais choisi pour le projet controvers\u00e9 entre Jonqui\u00e8res et Fos-sur-Mer<\/a><\/p>\n\n\n\n<p>Made in Marseille:<a href=\"https:\/\/madeinmarseille.net\/168249-face-au-projet-de-ligne-aerienne-rte-les-associations-remportent-ouverture-un-debat\/\" target=\"_blank\" rel=\"noreferrer noopener\"> Les associations obtiennent l\u2019ouverture d\u2019un d\u00e9bat global pour la ligne haute tension vers Fos<\/a><\/p>\n\n\n\n<p>Objectif Gard: <a href=\"https:\/\/www.objectifgard.com\/gard\/arles\/fait-du-soir-le-trace-de-moindre-impact-de-la-ligne-a-tres-haute-tension-devoile-135346.php\" target=\"_blank\" rel=\"noreferrer noopener\">FAIT DU SOIR Le trac\u00e9 de \u00ab\u00a0moindre impact\u00a0\u00bb de la ligne \u00e0 tr\u00e8s haute tension d\u00e9voil\u00e9<\/a><\/p>\n\n\n\n<p>France Bleue: <a href=\"https:\/\/www.francebleu.fr\/infos\/environnement\/ligne-a-tres-haute-tension-le-trace-moindre-impact-devoile-a-marseille-les-elus-gardois-continuent-la-lutte-1921209\" target=\"_blank\" rel=\"noreferrer noopener\">Ligne \u00e0 tr\u00e8s haute tension : le trac\u00e9 \u00ab\u00a0moindre impact\u00a0\u00bb d\u00e9voil\u00e9 \u00e0 Marseille, les \u00e9lus gardois continuent la lutte<\/a><\/p>\n\n\n\n<p>BFM TV: <a href=\"https:\/\/www.bfmtv.com\/marseille\/replay-emissions\/sud-week-end\/fos-sur-mer-le-trace-d-une-ligne-a-haute-tension-conteste_VN-202409280175.html\" target=\"_blank\" rel=\"noreferrer noopener\">Fos-sur-Mer: le trac\u00e9 d&rsquo;une ligne \u00e0 haute tension contest\u00e9<\/a><\/p>\n\n\n\n<p>La Marseillaise: <a href=\"https:\/\/www.lamarseillaise.fr\/social\/les-opposants-au-projet-remontes-comme-jamais-OG16769654\" target=\"_blank\" rel=\"noreferrer noopener\">Les opposants au projet remont\u00e9s comme jamais<\/a><\/p>\n\n\n\n<p>Le Parisien: &nbsp;\u00ab<a href=\"https:\/\/www.leparisien.fr\/bouches-du-rhone-13\/une-decision-prise-a-la-hussarde-la-camargue-ne-veut-toujours-pas-de-la-ligne-a-tres-haute-tension-28-09-2024-3WXCNZVQ4VGVHPOVEHBBSBXKPE.php\" target=\"_blank\" rel=\"noreferrer noopener\">Une d\u00e9cision prise \u00e0 la hussarde&nbsp;\u00bb&nbsp;: la Camargue ne veut toujours pas de la ligne \u00e0 tr\u00e8s haute tension<\/a><\/p>\n\n\n\n<p>TV5 Monde: <a href=\"https:\/\/information.tv5monde.com\/international\/un-fuseau-choisi-pour-le-projet-controverse-de-ligne-tres-haute-tension-vers-fos-sur\" target=\"_blank\" rel=\"noreferrer noopener\">Un \u00ab\u00a0fuseau\u00a0\u00bb choisi pour le projet controvers\u00e9 de ligne tr\u00e8s haute tension vers Fos-sur-Mer<\/a><\/p>\n\n\n\n<p>BFM TV: <a href=\"https:\/\/www.bfmtv.com\/sciences\/camargue-un-projet-de-ligne-a-tres-haute-tension-fait-debat_VN-202409270116.html\" target=\"_blank\" rel=\"noreferrer noopener\">Camargue: un projet de ligne \u00e0 tr\u00e8s haute tension fait d\u00e9bat<\/a><\/p>\n\n\n\n<p>20 minutes: Camargue&nbsp;: <a href=\"https:\/\/www.20minutes.fr\/planete\/environnement\/4112370-20240927-camargue-opposants-mega-ligne-electrique-aerienne-prets-guerre-tranchee\" target=\"_blank\" rel=\"noreferrer noopener\">Les opposants \u00e0 la m\u00e9ga ligne \u00e9lectrique a\u00e9rienne \u00ab&nbsp;pr\u00eats \u00e0 une guerre de tranch\u00e9e&nbsp;\u00bb<\/a><\/p>\n\n\n\n<p>Marine Oc\u00e9ans: <a href=\"https:\/\/marine-oceans.com\/actualites\/un-fuseau-choisi-pour-le-projet-controverse-de-ligne-tres-haute-tension-vers-fos-sur-mer\/\" target=\"_blank\" rel=\"noreferrer noopener\">Un \u00ab&nbsp;fuseau&nbsp;\u00bb choisi pour le projet controvers\u00e9 de ligne tr\u00e8s haute tension vers Fos-sur-Mer<\/a><\/p>\n\n\n\n<p>Marsactu: <a href=\"https:\/\/marsactu.fr\/bref\/le-trace-de-la-ligne-electrique-entre-le-gard-et-fos-sur-mer-saffine-malgre-les-oppositions\/\" target=\"_blank\" rel=\"noreferrer noopener\">Le trac\u00e9 de la ligne \u00e9lectrique entre le Gard et Fos-sur-Mer s\u2019affine malgr\u00e9 les oppositions<\/a><\/p>\n\n\n\n<p>France3 PACA: <a href=\"https:\/\/france3-regions.francetvinfo.fr\/provence-alpes-cote-d-azur\/bouches-du-rhone\/fos-sur-mer\/ligne-a-tres-haute-tension-de-fos-on-essaie-d-etrangler-notre-pays-d-arles-les-opposants-demandent-des-solutions-alternatives-moins-impactantes-3038789.html\" target=\"_blank\" rel=\"noreferrer noopener\">Ligne \u00e0 Tr\u00e8s Haute Tension de Fos : \u00ab\u00a0on essaie d&rsquo;\u00e9trangler notre pays d&rsquo;Arles\u00a0\u00bb, les opposants demandent des solutions alternatives moins impactantes<\/a><\/p>\n\n\n\n<p>TF1 INFO: <a href=\"https:\/\/www.tf1info.fr\/environnement-ecologie\/videos\/video-projet-de-ligne-electrique-le-camargue-sous-haute-tension-7731-2325710.html\" target=\"_blank\" rel=\"noreferrer noopener\">Projet de ligne \u00e9lectrique : le Camargue sous haute tension<\/a><\/p>\n\n\n\n<p><br><\/p>\n","protected":false},"excerpt":{"rendered":"<p>La presse, invit\u00e9e par le collectif STOP THT 13-30, relate largement les \u00e9v\u00e8nements de la journ\u00e9e (Dossier de presse du Collectif) Direct France 3 : L&rsquo;Arlesienne: Parc de Camargue : bras de fer \u00e0 propos de la ligne tr\u00e8s haute tension France Bleue: Ligne tr\u00e8s haute tension : Un \u00ab\u00a0fuseau\u00a0\u00bb est d\u00e9sormais choisi pour le &#8230; <a title=\"Pr\u00e9fecture PACA le 27 septembre:Annonce du fuseau de moindre impact\" class=\"read-more\" href=\"https:\/\/associationterredargence.fr\/?p=1157\" aria-label=\"En savoir plus sur Pr\u00e9fecture PACA le 27 septembre:Annonce du fuseau de moindre impact\">Lire la suite<\/a><\/p>\n","protected":false},"author":1,"featured_media":0,"comment_status":"closed","ping_status":"open","sticky":false,"template":"","format":"standard","meta":{"footnotes":""},"categories":[24],"tags":[],"class_list":["post-1157","post","type-post","status-publish","format-standard","hentry","category-medias"],"_links":{"self":[{"href":"https:\/\/associationterredargence.fr\/index.php?rest_route=\/wp\/v2\/posts\/1157","targetHints":{"allow":["GET"]}}],"collection":[{"href":"https:\/\/associationterredargence.fr\/index.php?rest_route=\/wp\/v2\/posts"}],"about":[{"href":"https:\/\/associationterredargence.fr\/index.php?rest_route=\/wp\/v2\/types\/post"}],"author":[{"embeddable":true,"href":"https:\/\/associationterredargence.fr\/index.php?rest_route=\/wp\/v2\/users\/1"}],"replies":[{"embeddable":true,"href":"https:\/\/associationterredargence.fr\/index.php?rest_route=%2Fwp%2Fv2%2Fcomments&post=1157"}],"version-history":[{"count":19,"href":"https:\/\/associationterredargence.fr\/index.php?rest_route=\/wp\/v2\/posts\/1157\/revisions"}],"predecessor-version":[{"id":1205,"href":"https:\/\/associationterredargence.fr\/index.php?rest_route=\/wp\/v2\/posts\/1157\/revisions\/1205"}],"wp:attachment":[{"href":"https:\/\/associationterredargence.fr\/index.php?rest_route=%2Fwp%2Fv2%2Fmedia&parent=1157"}],"wp:term":[{"taxonomy":"category","embeddable":true,"href":"https:\/\/associationterredargence.fr\/index.php?rest_route=%2Fwp%2Fv2%2Fcategories&post=1157"},{"taxonomy":"post_tag","embeddable":true,"href":"https:\/\/associationterredargence.fr\/index.php?rest_route=%2Fwp%2Fv2%2Ftags&post=1157"}],"curies":[{"name":"wp","href":"https:\/\/api.w.org\/{rel}","templated":true}]}}