{"id":1122,"date":"2024-09-17T21:56:46","date_gmt":"2024-09-17T19:56:46","guid":{"rendered":"https:\/\/associationterredargence.fr\/?p=1122"},"modified":"2024-09-18T13:47:43","modified_gmt":"2024-09-18T11:47:43","slug":"rencontre-avec-les-elus-de-la-ccbta","status":"publish","type":"post","link":"https:\/\/associationterredargence.fr\/?p=1122","title":{"rendered":"Rencontre avec les \u00e9lus de la CCBTA"},"content":{"rendered":"\n<p>Le 16 septembre, \u00e0 l&rsquo;occasion d&rsquo;un conseil communautaire,  l&rsquo;ASTA rencontrait les \u00e9lus de la terre d&rsquo;argence pour les alerter de l&rsquo;urgence \u00e0 agir pour \u00e9viter que le 27 septembre Mr le pr\u00e9fet valide le fuseau de \u00ab\u00a0moindre impact\u00a0\u00bb propos\u00e9 par RTE . C&rsquo;\u00e9tait aussi l&rsquo;occasion pour l&rsquo;ASTA de pr\u00e9senter le document de synth\u00e8se des solutions alternatives \u00e9labor\u00e9 pendant l&rsquo;\u00e9t\u00e9.<\/p>\n\n\n\n<p>Midi Libre en parle: <a href=\"https:\/\/www.midilibre.fr\/2024\/09\/17\/le-choix-du-fuseau-ouest-de-la-ligne-a-haute-tension-entre-fos-sur-mer-et-le-gard-suscite-la-colere-des-opposants-12200885.php\" target=\"_blank\" rel=\"noreferrer noopener\">Le choix du fuseau ouest de la ligne \u00e0 tr\u00e8s haute tension entre Fos-sur-Mer et le Gard suscite la col\u00e8re<\/a><\/p>\n\n\n\n<p>Le pr\u00e9sident de la CCBTA en parle: <a href=\"https:\/\/www.francebleu.fr\/infos\/environnement\/ligne-a-tres-haute-tension-juan-martinez-maire-de-bellegarde-s-il-faut-une-guerre-de-tranchee-on-est-pret-9600005\" target=\"_blank\" rel=\"noreferrer noopener\">Ligne \u00e0 Tr\u00e8s Haute tension &#8211; Juan Martinez, maire de Bellegarde : \u00ab\u00a0S&rsquo;il faut une guerre de tranch\u00e9e, on est pr\u00eat\u00a0\u00bb<\/a><\/p>\n\n\n\n<p>Objectif Gard en parle: <a href=\"https:\/\/www.objectifgard.com\/politique\/expresso-ligne-a-tres-haute-tension-des-operations-coup-de-poing-a-venir-134187.php\" target=\"_blank\" rel=\"noreferrer noopener\">Ligne \u00e0 tr\u00e8s haute tension : des op\u00e9rations \u00ab\u00a0coup de poing\u00a0\u00bb \u00e0 venir ?<\/a><\/p>\n\n\n\n<p><\/p>\n","protected":false},"excerpt":{"rendered":"<p>Le 16 septembre, \u00e0 l&rsquo;occasion d&rsquo;un conseil communautaire, l&rsquo;ASTA rencontrait les \u00e9lus de la terre d&rsquo;argence pour les alerter de l&rsquo;urgence \u00e0 agir pour \u00e9viter que le 27 septembre Mr le pr\u00e9fet valide le fuseau de \u00ab\u00a0moindre impact\u00a0\u00bb propos\u00e9 par RTE . C&rsquo;\u00e9tait aussi l&rsquo;occasion pour l&rsquo;ASTA de pr\u00e9senter le document de synth\u00e8se des solutions &#8230; <a title=\"Rencontre avec les \u00e9lus de la CCBTA\" class=\"read-more\" href=\"https:\/\/associationterredargence.fr\/?p=1122\" aria-label=\"En savoir plus sur Rencontre avec les \u00e9lus de la CCBTA\">Lire la suite<\/a><\/p>\n","protected":false},"author":1,"featured_media":0,"comment_status":"closed","ping_status":"open","sticky":false,"template":"","format":"standard","meta":{"footnotes":""},"categories":[24],"tags":[],"class_list":["post-1122","post","type-post","status-publish","format-standard","hentry","category-medias"],"_links":{"self":[{"href":"https:\/\/associationterredargence.fr\/index.php?rest_route=\/wp\/v2\/posts\/1122","targetHints":{"allow":["GET"]}}],"collection":[{"href":"https:\/\/associationterredargence.fr\/index.php?rest_route=\/wp\/v2\/posts"}],"about":[{"href":"https:\/\/associationterredargence.fr\/index.php?rest_route=\/wp\/v2\/types\/post"}],"author":[{"embeddable":true,"href":"https:\/\/associationterredargence.fr\/index.php?rest_route=\/wp\/v2\/users\/1"}],"replies":[{"embeddable":true,"href":"https:\/\/associationterredargence.fr\/index.php?rest_route=%2Fwp%2Fv2%2Fcomments&post=1122"}],"version-history":[{"count":5,"href":"https:\/\/associationterredargence.fr\/index.php?rest_route=\/wp\/v2\/posts\/1122\/revisions"}],"predecessor-version":[{"id":1128,"href":"https:\/\/associationterredargence.fr\/index.php?rest_route=\/wp\/v2\/posts\/1122\/revisions\/1128"}],"wp:attachment":[{"href":"https:\/\/associationterredargence.fr\/index.php?rest_route=%2Fwp%2Fv2%2Fmedia&parent=1122"}],"wp:term":[{"taxonomy":"category","embeddable":true,"href":"https:\/\/associationterredargence.fr\/index.php?rest_route=%2Fwp%2Fv2%2Fcategories&post=1122"},{"taxonomy":"post_tag","embeddable":true,"href":"https:\/\/associationterredargence.fr\/index.php?rest_route=%2Fwp%2Fv2%2Ftags&post=1122"}],"curies":[{"name":"wp","href":"https:\/\/api.w.org\/{rel}","templated":true}]}}